{"id":115,"date":"2025-11-05T22:11:44","date_gmt":"2025-11-05T21:11:44","guid":{"rendered":"https:\/\/budemunkwieland.de\/buch\/?p=115"},"modified":"2025-11-09T01:24:08","modified_gmt":"2025-11-09T00:24:08","slug":"lesung-in-knesebeck-11","status":"publish","type":"post","link":"https:\/\/budemunkwieland.de\/buch\/lesung-in-knesebeck-11\/","title":{"rendered":"Lesung in der Knesebeck 11 am 13. November"},"content":{"rendered":"<div class=\"wp-block-image wp-duotone-unset-1\">\n<figure class=\"alignleft size-full\"><img loading=\"lazy\" decoding=\"async\" width=\"1000\" height=\"490\" data-attachment-id=\"122\" data-permalink=\"https:\/\/budemunkwieland.de\/buch\/lesung-in-knesebeck-11\/knesebeck11\/\" data-orig-file=\"https:\/\/budemunkwieland.de\/buch\/wp-content\/uploads\/2025\/11\/knesebeck11.jpg\" data-orig-size=\"1000,490\" data-comments-opened=\"0\" data-image-meta=\"{&quot;aperture&quot;:&quot;0&quot;,&quot;credit&quot;:&quot;&quot;,&quot;camera&quot;:&quot;&quot;,&quot;caption&quot;:&quot;&quot;,&quot;created_timestamp&quot;:&quot;0&quot;,&quot;copyright&quot;:&quot;&quot;,&quot;focal_length&quot;:&quot;0&quot;,&quot;iso&quot;:&quot;0&quot;,&quot;shutter_speed&quot;:&quot;0&quot;,&quot;title&quot;:&quot;&quot;,&quot;orientation&quot;:&quot;1&quot;}\" data-image-title=\"Knesebeck 11\" data-image-description=\"\" data-image-caption=\"\" data-large-file=\"https:\/\/budemunkwieland.de\/buch\/wp-content\/uploads\/2025\/11\/knesebeck11.jpg\" src=\"https:\/\/budemunkwieland.de\/buch\/wp-content\/uploads\/2025\/11\/knesebeck11.jpg\" alt=\"Buchhandlung Knesebeck 11 Berlin\" class=\"wp-image-122\" srcset=\"https:\/\/budemunkwieland.de\/buch\/wp-content\/uploads\/2025\/11\/knesebeck11.jpg 1000w, https:\/\/budemunkwieland.de\/buch\/wp-content\/uploads\/2025\/11\/knesebeck11-300x147.jpg 300w, https:\/\/budemunkwieland.de\/buch\/wp-content\/uploads\/2025\/11\/knesebeck11-768x376.jpg 768w, https:\/\/budemunkwieland.de\/buch\/wp-content\/uploads\/2025\/11\/knesebeck11-228x112.jpg 228w\" sizes=\"auto, (max-width: 1000px) 100vw, 1000px\" \/><\/figure>\n<\/div>\n\n\n<figure class=\"wp-block-audio\"><audio controls src=\"https:\/\/rbbmediapmdp-a.akamaihd.net\/content\/51\/58\/51581aea-1510-4ca8-b3b8-56c7261a34ec\/aaaffaad-8261-486f-b978-7f1f290cd9be_eda519f7-9784-449e-9888-0a3cecb9acdf_256k.mp3\"><\/audio><\/figure>\n\n\n\n<p class=\"has-text-align-center\">Die Empfehlung des Buchh\u00e4ndlers auf radioeins: Sch\u00f6ner Lesen<\/p>\n\n\n\n<hr class=\"wp-block-separator has-alpha-channel-opacity\"\/>\n\n\n\n<p>Ein Roman mit gleich drei Autoren! Gemeinsam haben sich Bettina Munk, Karin Wieland und Heinz Bude an den Stoff Marlene Dietrich gewagt. Munk hat gezeichnet und BudeWieland geschrieben. In Transit 64 erz\u00e4hlen sie die Geschichte \u00fcber Dietrichs Bruch mit Deutschland im Januar 1964, sie m\u00f6chte so schnell wie m\u00f6glich weg. Doch die Ausreise nach Warschau wird schon in Westberlin unterbrochen, der Regierende B\u00fcrgermeister Willy Brandt hat andere Pl\u00e4ne f\u00fcr sie. Marlene Dietrich soll zur Wahl des Bundespr\u00e4sidenten gegen den Alt-Nazi Heinrich L\u00fcbke antreten.<\/p>\n\n\n\n<p>Das Autorinnen-Trio fabuliert bildhaft, wie sich diese irrwitzige Idee auf die Geschichtsschreibung ausgewirkt h\u00e4tte. Zwischen Freiheit und Diktatur, Exil und Widerstand: Eine Alternativgeschichte zwischen Fakten und Fiktionen, aus der wir auch in der Gegenwart unsere Schl\u00fcsse ziehen k\u00f6nnen.<\/p>\n\n\n\n<p>Die B\u00fchne der Knesebeck Elf wird rappelvoll, das gab es noch nie: Drei G\u00e4ste nehmen Platz und erz\u00e4hlen ihre ganz eigene Geschichte \u00fcber Marlene Dietrich.<\/p>\n\n\n\n<p>Beginn: 19 Uhr<\/p>\n\n\n\n<p>Moderation: Felix Palent<\/p>\n\n\n\n<p>Eintritt: 12\u20ac<\/p>\n\n\n\n<hr class=\"wp-block-separator has-alpha-channel-opacity\"\/>\n\n\n\n<p><\/p>\n","protected":false},"excerpt":{"rendered":"<p>Die Empfehlung des Buchh\u00e4ndlers auf radioeins: Sch\u00f6ner Lesen Ein Roman mit gleich drei Autoren! Gemeinsam haben sich Bettina Munk, Karin &hellip; <a href=\"https:\/\/budemunkwieland.de\/buch\/lesung-in-knesebeck-11\/\" class=\"more-link\">Continue reading <span class=\"screen-reader-text\">Lesung in der Knesebeck 11 am 13. November<\/span><\/a><\/p>\n","protected":false},"author":1,"featured_media":0,"comment_status":"closed","ping_status":"closed","sticky":false,"template":"page-templates\/full-width.php","format":"standard","meta":{"_jetpack_memberships_contains_paid_content":false,"footnotes":""},"categories":[8,6],"tags":[],"class_list":["post-115","post","type-post","status-publish","format-standard","hentry","category-lesung","category-transit-64"],"jetpack_featured_media_url":"","jetpack_sharing_enabled":true,"_links":{"self":[{"href":"https:\/\/budemunkwieland.de\/buch\/wp-json\/wp\/v2\/posts\/115","targetHints":{"allow":["GET"]}}],"collection":[{"href":"https:\/\/budemunkwieland.de\/buch\/wp-json\/wp\/v2\/posts"}],"about":[{"href":"https:\/\/budemunkwieland.de\/buch\/wp-json\/wp\/v2\/types\/post"}],"author":[{"embeddable":true,"href":"https:\/\/budemunkwieland.de\/buch\/wp-json\/wp\/v2\/users\/1"}],"replies":[{"embeddable":true,"href":"https:\/\/budemunkwieland.de\/buch\/wp-json\/wp\/v2\/comments?post=115"}],"version-history":[{"count":14,"href":"https:\/\/budemunkwieland.de\/buch\/wp-json\/wp\/v2\/posts\/115\/revisions"}],"predecessor-version":[{"id":225,"href":"https:\/\/budemunkwieland.de\/buch\/wp-json\/wp\/v2\/posts\/115\/revisions\/225"}],"wp:attachment":[{"href":"https:\/\/budemunkwieland.de\/buch\/wp-json\/wp\/v2\/media?parent=115"}],"wp:term":[{"taxonomy":"category","embeddable":true,"href":"https:\/\/budemunkwieland.de\/buch\/wp-json\/wp\/v2\/categories?post=115"},{"taxonomy":"post_tag","embeddable":true,"href":"https:\/\/budemunkwieland.de\/buch\/wp-json\/wp\/v2\/tags?post=115"}],"curies":[{"name":"wp","href":"https:\/\/api.w.org\/{rel}","templated":true}]}}